[{"@context":"https:\/\/schema.org\/","@type":"Article","@id":"https:\/\/fenyezesjavitostift.hu\/saab-szinkod-kereso\/#Article","mainEntityOfPage":"https:\/\/fenyezesjavitostift.hu\/saab-szinkod-kereso\/","headline":"Saab sz\u00ednk\u00f3d keres\u0151","name":"Saab sz\u00ednk\u00f3d keres\u0151","description":"Saab Sz\u00ednk\u00f3d A Saab aut\u00f3k sz\u00ednk\u00f3dj\u00e1nak helye f\u00fcgg az aut\u00f3 t\u00edpus\u00e1t\u00f3l \u00e9s \u00e9vj\u00e1rat\u00e1t\u00f3l. A sz\u00ednk\u00f3d t\u00e1bl\u00e1t a vezet\u0151i ajt\u00f3 m\u00f6g\u00f6tt, a t\u0171zfalon vagy a h\u0171t\u0151tart\u00f3 r\u00e9szein keresheted. Egyes modellekn\u00e9l a keszty\u0171tart\u00f3ban is megtal\u00e1lhat\u00f3 a sz\u00ednk\u00f3d. A sz\u00ednk\u00f3d a Body Color sz\u00f6veg ut\u00e1n van a t\u00e1bl\u00e1n, k\u00fcl\u00f6nb\u00f6z\u0151 helyeken a t\u00edpusok szerint. (P\u00e9ld\u00e1ul: B02; 317; stb.) Jav\u00edt\u00f3 [&hellip;]","datePublished":"2024-01-24","dateModified":"2024-03-06","author":{"@type":"Person","@id":"https:\/\/fenyezesjavitostift.hu\/author\/droid\/#Person","name":"Droid","url":"https:\/\/fenyezesjavitostift.hu\/author\/droid\/","identifier":1,"image":{"@type":"ImageObject","@id":"https:\/\/secure.gravatar.com\/avatar\/a37155712a907cb65f1a3a91ec20a5d1?s=96&d=mm&r=g","url":"https:\/\/secure.gravatar.com\/avatar\/a37155712a907cb65f1a3a91ec20a5d1?s=96&d=mm&r=g","height":96,"width":96}},"publisher":{"@type":"Organization","name":"Droid","logo":{"@type":"ImageObject","@id":"https:\/\/fenyezesjavitostift.hu\/wp-content\/uploads\/sites\/53\/2024\/01\/android-chrome-512x512.png","url":"https:\/\/fenyezesjavitostift.hu\/wp-content\/uploads\/sites\/53\/2024\/01\/android-chrome-512x512.png","width":512,"height":512}},"image":{"@type":"ImageObject","@id":"https:\/\/fenyezesjavitostift.hu\/wp-content\/uploads\/sites\/53\/2024\/01\/saab-autofestek.jpg","url":"https:\/\/fenyezesjavitostift.hu\/wp-content\/uploads\/sites\/53\/2024\/01\/saab-autofestek.jpg","height":"113","width":"150"},"url":"https:\/\/fenyezesjavitostift.hu\/saab-szinkod-kereso\/"},{"@context":"https:\/\/schema.org","@type":"BreadcrumbList","@id":"https:\/\/fenyezesjavitostift.hu\/saab-szinkod-kereso\/#BreadcrumbList","itemListElement":[{"@type":"ListItem","position":1,"name":"Saab sz\u00ednk\u00f3d keres\u0151","item":"https:\/\/fenyezesjavitostift.hu\/saab-szinkod-kereso\/#breadcrumbitem"}]}]